{"id":16623,"date":"2026-01-23T09:29:56","date_gmt":"2026-01-23T09:29:56","guid":{"rendered":"https:\/\/www.hinegroup.com\/hine-confirms-its-2026-trade-fair-agenda-for-the-industrial-and-wind-sectors\/"},"modified":"2026-01-26T15:55:16","modified_gmt":"2026-01-26T15:55:16","slug":"hine-confirms-its-2026-trade-fair-agenda-for-the-industrial-and-wind-sectors","status":"publish","type":"post","link":"https:\/\/www.hinegroup.com\/es\/hine-confirms-its-2026-trade-fair-agenda-for-the-industrial-and-wind-sectors\/","title":{"rendered":"HINE confirma su agenda de ferias 2026 para el sector Industrial y Wind"},"content":{"rendered":"<p><\/br>En 2026, HINE participar\u00e1 en una selecci\u00f3n cuidadosamente planificada de ferias estrat\u00e9gicas para los mercados Industrial y E\u00f3lico, reforzando la relaci\u00f3n directa con clientes, socios y actores clave del sector. A continuaci\u00f3n se presenta el calendario de ferias de 2026 para ambas divisiones, destacando los eventos en los que estaremos presentes con el objetivo de mantenernos cerca de nuestros clientes y fortalecer nuestra posici\u00f3n en los principales mercados internacionales.<\/p>\n<p><strong>Calendario 2026 | Industrial <\/strong><\/p>\n<ol>\n<li>FIMA \u2014 10\u201314 febrero 2026 | Zaragoza <\/li>\n<li>SMOPYC \u2014 15\u201318 abril 2026 | Zaragoza <\/li>\n<li>FEIMEC \u2014 5\u20139 mayo 2026 | S\u00e3o Paulo Expo Exhibition &#038; Convention Center (Brasil) <\/li>\n<li>NAVALIA \u2014 19\u201321 mayo 2026 | Vigo <\/li>\n<li>EXPOSIBRAM \u2014 24\u201327 agosto 2026 | EXPOMINAS BH, Belo Horizonte (Brasil)<\/li>\n<\/ol>\n<p><strong>Calendario 2026 | Wind<\/strong> <\/p>\n<ol>\n<li>O&#038;M and Safety Conference \u2014 4\u20136 marzo 2026 | Orlando, FL (Gaylord Palms Resort &#038; Convention Center) <\/li>\n<li>WindEurope Annual Event \u2014 21\u201323 abril 2026 | Madrid (IFEMA) <\/li>\n<li>CLEANPOWER 2026 \u2014 1\u20134 junio 2026 | Houston, TX (George R. Brown Convention Center) <\/li>\n<li>WindEnergy Hamburg \u2014 22\u201325 septiembre 2026 | Hamburg<\/li>\n<li>China Wind Power \u2014 14\u201316 octubre 2026 | Beijing (China International Exhibition Center \u2013 Shunyi Hall)<\/li>\n<li>Brazil Wind Power\u2014 27\u201329 octubre 2026 | S\u00e3o Paulo (Brazil) <\/li>\n<li>Windergy India \u2014 7\u20139 octubre 2026 | Chennai (Chennai Trade Centre) <\/li>\n<\/ol>\n<p>\u00bfQuieres reunirte con el equipo de HINE en feria? Si vas a asistir a alguna de estas citas, te invitamos a agendar una reuni\u00f3n con nuestro equipo comercial o t\u00e9cnico para revisar proyectos, retos de operaci\u00f3n y oportunidades de mejora: <a href=\"mailto:es-hre@hinegroup.com\"><font color=\"#000000\">es-hre@hinegroup.com<\/font><\/a><\/p>\n","protected":false},"excerpt":{"rendered":"<p>En 2026, HINE participar\u00e1 en una selecci\u00f3n cuidadosamente planificada de ferias estrat\u00e9gicas para los mercados Industrial y E\u00f3lico, reforzando la [&hellip;]<\/p>\n","protected":false},"author":2,"featured_media":16636,"comment_status":"open","ping_status":"open","sticky":false,"template":"","format":"standard","meta":{"footnotes":""},"categories":[353],"tags":[],"class_list":["post-16623","post","type-post","status-publish","format-standard","has-post-thumbnail","hentry","category-sin-categoria-es"],"yoast_head":"<!-- This site is optimized with the Yoast SEO plugin v24.8.1 - https:\/\/yoast.com\/wordpress\/plugins\/seo\/ -->\n<title>HINE confirma su agenda de ferias 2026 para el sector Industrial y Wind - Hine<\/title>\n<meta name=\"robots\" content=\"index, follow, max-snippet:-1, max-image-preview:large, max-video-preview:-1\" \/>\n<link rel=\"canonical\" href=\"https:\/\/www.hinegroup.com\/es\/hine-confirms-its-2026-trade-fair-agenda-for-the-industrial-and-wind-sectors\/\" \/>\n<meta property=\"og:locale\" content=\"es_ES\" \/>\n<meta property=\"og:type\" content=\"article\" \/>\n<meta property=\"og:title\" content=\"HINE confirma su agenda de ferias 2026 para el sector Industrial y Wind - Hine\" \/>\n<meta property=\"og:description\" content=\"En 2026, HINE participar\u00e1 en una selecci\u00f3n cuidadosamente planificada de ferias estrat\u00e9gicas para los mercados Industrial y E\u00f3lico, reforzando la [&hellip;]\" \/>\n<meta property=\"og:url\" content=\"https:\/\/www.hinegroup.com\/es\/hine-confirms-its-2026-trade-fair-agenda-for-the-industrial-and-wind-sectors\/\" \/>\n<meta property=\"og:site_name\" content=\"Hine\" \/>\n<meta property=\"article:published_time\" content=\"2026-01-23T09:29:56+00:00\" \/>\n<meta property=\"article:modified_time\" content=\"2026-01-26T15:55:16+00:00\" \/>\n<meta property=\"og:image\" content=\"https:\/\/www.hinegroup.com\/wp-content\/uploads\/2026\/01\/noticia-ferias-26_2-2-1024x768.png\" \/>\n\t<meta property=\"og:image:width\" content=\"1024\" \/>\n\t<meta property=\"og:image:height\" content=\"768\" \/>\n\t<meta property=\"og:image:type\" content=\"image\/png\" \/>\n<meta name=\"author\" content=\"Maialen\" \/>\n<meta name=\"twitter:card\" content=\"summary_large_image\" \/>\n<meta name=\"twitter:label1\" content=\"Escrito por\" \/>\n\t<meta name=\"twitter:data1\" content=\"Maialen\" \/>\n\t<meta name=\"twitter:label2\" content=\"Tiempo de lectura\" \/>\n\t<meta name=\"twitter:data2\" content=\"2 minutos\" \/>\n<script type=\"application\/ld+json\" class=\"yoast-schema-graph\">{\"@context\":\"https:\/\/schema.org\",\"@graph\":[{\"@type\":\"WebPage\",\"@id\":\"https:\/\/www.hinegroup.com\/es\/hine-confirms-its-2026-trade-fair-agenda-for-the-industrial-and-wind-sectors\/\",\"url\":\"https:\/\/www.hinegroup.com\/es\/hine-confirms-its-2026-trade-fair-agenda-for-the-industrial-and-wind-sectors\/\",\"name\":\"HINE confirma su agenda de ferias 2026 para el sector Industrial y Wind - Hine\",\"isPartOf\":{\"@id\":\"https:\/\/www.hinegroup.com\/#website\"},\"primaryImageOfPage\":{\"@id\":\"https:\/\/www.hinegroup.com\/es\/hine-confirms-its-2026-trade-fair-agenda-for-the-industrial-and-wind-sectors\/#primaryimage\"},\"image\":{\"@id\":\"https:\/\/www.hinegroup.com\/es\/hine-confirms-its-2026-trade-fair-agenda-for-the-industrial-and-wind-sectors\/#primaryimage\"},\"thumbnailUrl\":\"https:\/\/www.hinegroup.com\/wp-content\/uploads\/2026\/01\/noticia-ferias-26_2-2.png\",\"datePublished\":\"2026-01-23T09:29:56+00:00\",\"dateModified\":\"2026-01-26T15:55:16+00:00\",\"author\":{\"@id\":\"https:\/\/www.hinegroup.com\/#\/schema\/person\/940b05f451f688f2afb230a63278080a\"},\"breadcrumb\":{\"@id\":\"https:\/\/www.hinegroup.com\/es\/hine-confirms-its-2026-trade-fair-agenda-for-the-industrial-and-wind-sectors\/#breadcrumb\"},\"inLanguage\":\"es\",\"potentialAction\":[{\"@type\":\"ReadAction\",\"target\":[\"https:\/\/www.hinegroup.com\/es\/hine-confirms-its-2026-trade-fair-agenda-for-the-industrial-and-wind-sectors\/\"]}]},{\"@type\":\"ImageObject\",\"inLanguage\":\"es\",\"@id\":\"https:\/\/www.hinegroup.com\/es\/hine-confirms-its-2026-trade-fair-agenda-for-the-industrial-and-wind-sectors\/#primaryimage\",\"url\":\"https:\/\/www.hinegroup.com\/wp-content\/uploads\/2026\/01\/noticia-ferias-26_2-2.png\",\"contentUrl\":\"https:\/\/www.hinegroup.com\/wp-content\/uploads\/2026\/01\/noticia-ferias-26_2-2.png\",\"width\":2048,\"height\":1536},{\"@type\":\"BreadcrumbList\",\"@id\":\"https:\/\/www.hinegroup.com\/es\/hine-confirms-its-2026-trade-fair-agenda-for-the-industrial-and-wind-sectors\/#breadcrumb\",\"itemListElement\":[{\"@type\":\"ListItem\",\"position\":1,\"name\":\"Portada\",\"item\":\"https:\/\/www.hinegroup.com\/es\/\"},{\"@type\":\"ListItem\",\"position\":2,\"name\":\"HINE confirma su agenda de ferias 2026 para el sector Industrial y Wind\"}]},{\"@type\":\"WebSite\",\"@id\":\"https:\/\/www.hinegroup.com\/#website\",\"url\":\"https:\/\/www.hinegroup.com\/\",\"name\":\"Hine\",\"description\":\"Hine Group \u2013 Hydraulics for Renewables and Industrial Applications\",\"potentialAction\":[{\"@type\":\"SearchAction\",\"target\":{\"@type\":\"EntryPoint\",\"urlTemplate\":\"https:\/\/www.hinegroup.com\/?s={search_term_string}\"},\"query-input\":{\"@type\":\"PropertyValueSpecification\",\"valueRequired\":true,\"valueName\":\"search_term_string\"}}],\"inLanguage\":\"es\"},{\"@type\":\"Person\",\"@id\":\"https:\/\/www.hinegroup.com\/#\/schema\/person\/940b05f451f688f2afb230a63278080a\",\"name\":\"Maialen\",\"image\":{\"@type\":\"ImageObject\",\"inLanguage\":\"es\",\"@id\":\"https:\/\/www.hinegroup.com\/#\/schema\/person\/image\/\",\"url\":\"https:\/\/secure.gravatar.com\/avatar\/e3f6e56ec4ea5ada994d41f6cc108d2c?s=96&d=mm&r=g\",\"contentUrl\":\"https:\/\/secure.gravatar.com\/avatar\/e3f6e56ec4ea5ada994d41f6cc108d2c?s=96&d=mm&r=g\",\"caption\":\"Maialen\"},\"url\":\"https:\/\/www.hinegroup.com\/es\/author\/maialen\/\"}]}<\/script>\n<!-- \/ Yoast SEO plugin. -->","yoast_head_json":{"title":"HINE confirma su agenda de ferias 2026 para el sector Industrial y Wind - Hine","robots":{"index":"index","follow":"follow","max-snippet":"max-snippet:-1","max-image-preview":"max-image-preview:large","max-video-preview":"max-video-preview:-1"},"canonical":"https:\/\/www.hinegroup.com\/es\/hine-confirms-its-2026-trade-fair-agenda-for-the-industrial-and-wind-sectors\/","og_locale":"es_ES","og_type":"article","og_title":"HINE confirma su agenda de ferias 2026 para el sector Industrial y Wind - Hine","og_description":"En 2026, HINE participar\u00e1 en una selecci\u00f3n cuidadosamente planificada de ferias estrat\u00e9gicas para los mercados Industrial y E\u00f3lico, reforzando la [&hellip;]","og_url":"https:\/\/www.hinegroup.com\/es\/hine-confirms-its-2026-trade-fair-agenda-for-the-industrial-and-wind-sectors\/","og_site_name":"Hine","article_published_time":"2026-01-23T09:29:56+00:00","article_modified_time":"2026-01-26T15:55:16+00:00","og_image":[{"width":1024,"height":768,"url":"https:\/\/www.hinegroup.com\/wp-content\/uploads\/2026\/01\/noticia-ferias-26_2-2-1024x768.png","type":"image\/png"}],"author":"Maialen","twitter_card":"summary_large_image","twitter_misc":{"Escrito por":"Maialen","Tiempo de lectura":"2 minutos"},"schema":{"@context":"https:\/\/schema.org","@graph":[{"@type":"WebPage","@id":"https:\/\/www.hinegroup.com\/es\/hine-confirms-its-2026-trade-fair-agenda-for-the-industrial-and-wind-sectors\/","url":"https:\/\/www.hinegroup.com\/es\/hine-confirms-its-2026-trade-fair-agenda-for-the-industrial-and-wind-sectors\/","name":"HINE confirma su agenda de ferias 2026 para el sector Industrial y Wind - Hine","isPartOf":{"@id":"https:\/\/www.hinegroup.com\/#website"},"primaryImageOfPage":{"@id":"https:\/\/www.hinegroup.com\/es\/hine-confirms-its-2026-trade-fair-agenda-for-the-industrial-and-wind-sectors\/#primaryimage"},"image":{"@id":"https:\/\/www.hinegroup.com\/es\/hine-confirms-its-2026-trade-fair-agenda-for-the-industrial-and-wind-sectors\/#primaryimage"},"thumbnailUrl":"https:\/\/www.hinegroup.com\/wp-content\/uploads\/2026\/01\/noticia-ferias-26_2-2.png","datePublished":"2026-01-23T09:29:56+00:00","dateModified":"2026-01-26T15:55:16+00:00","author":{"@id":"https:\/\/www.hinegroup.com\/#\/schema\/person\/940b05f451f688f2afb230a63278080a"},"breadcrumb":{"@id":"https:\/\/www.hinegroup.com\/es\/hine-confirms-its-2026-trade-fair-agenda-for-the-industrial-and-wind-sectors\/#breadcrumb"},"inLanguage":"es","potentialAction":[{"@type":"ReadAction","target":["https:\/\/www.hinegroup.com\/es\/hine-confirms-its-2026-trade-fair-agenda-for-the-industrial-and-wind-sectors\/"]}]},{"@type":"ImageObject","inLanguage":"es","@id":"https:\/\/www.hinegroup.com\/es\/hine-confirms-its-2026-trade-fair-agenda-for-the-industrial-and-wind-sectors\/#primaryimage","url":"https:\/\/www.hinegroup.com\/wp-content\/uploads\/2026\/01\/noticia-ferias-26_2-2.png","contentUrl":"https:\/\/www.hinegroup.com\/wp-content\/uploads\/2026\/01\/noticia-ferias-26_2-2.png","width":2048,"height":1536},{"@type":"BreadcrumbList","@id":"https:\/\/www.hinegroup.com\/es\/hine-confirms-its-2026-trade-fair-agenda-for-the-industrial-and-wind-sectors\/#breadcrumb","itemListElement":[{"@type":"ListItem","position":1,"name":"Portada","item":"https:\/\/www.hinegroup.com\/es\/"},{"@type":"ListItem","position":2,"name":"HINE confirma su agenda de ferias 2026 para el sector Industrial y Wind"}]},{"@type":"WebSite","@id":"https:\/\/www.hinegroup.com\/#website","url":"https:\/\/www.hinegroup.com\/","name":"Hine","description":"Hine Group \u2013 Hydraulics for Renewables and Industrial Applications","potentialAction":[{"@type":"SearchAction","target":{"@type":"EntryPoint","urlTemplate":"https:\/\/www.hinegroup.com\/?s={search_term_string}"},"query-input":{"@type":"PropertyValueSpecification","valueRequired":true,"valueName":"search_term_string"}}],"inLanguage":"es"},{"@type":"Person","@id":"https:\/\/www.hinegroup.com\/#\/schema\/person\/940b05f451f688f2afb230a63278080a","name":"Maialen","image":{"@type":"ImageObject","inLanguage":"es","@id":"https:\/\/www.hinegroup.com\/#\/schema\/person\/image\/","url":"https:\/\/secure.gravatar.com\/avatar\/e3f6e56ec4ea5ada994d41f6cc108d2c?s=96&d=mm&r=g","contentUrl":"https:\/\/secure.gravatar.com\/avatar\/e3f6e56ec4ea5ada994d41f6cc108d2c?s=96&d=mm&r=g","caption":"Maialen"},"url":"https:\/\/www.hinegroup.com\/es\/author\/maialen\/"}]}},"_links":{"self":[{"href":"https:\/\/www.hinegroup.com\/es\/wp-json\/wp\/v2\/posts\/16623","targetHints":{"allow":["GET"]}}],"collection":[{"href":"https:\/\/www.hinegroup.com\/es\/wp-json\/wp\/v2\/posts"}],"about":[{"href":"https:\/\/www.hinegroup.com\/es\/wp-json\/wp\/v2\/types\/post"}],"author":[{"embeddable":true,"href":"https:\/\/www.hinegroup.com\/es\/wp-json\/wp\/v2\/users\/2"}],"replies":[{"embeddable":true,"href":"https:\/\/www.hinegroup.com\/es\/wp-json\/wp\/v2\/comments?post=16623"}],"version-history":[{"count":4,"href":"https:\/\/www.hinegroup.com\/es\/wp-json\/wp\/v2\/posts\/16623\/revisions"}],"predecessor-version":[{"id":16646,"href":"https:\/\/www.hinegroup.com\/es\/wp-json\/wp\/v2\/posts\/16623\/revisions\/16646"}],"wp:featuredmedia":[{"embeddable":true,"href":"https:\/\/www.hinegroup.com\/es\/wp-json\/wp\/v2\/media\/16636"}],"wp:attachment":[{"href":"https:\/\/www.hinegroup.com\/es\/wp-json\/wp\/v2\/media?parent=16623"}],"wp:term":[{"taxonomy":"category","embeddable":true,"href":"https:\/\/www.hinegroup.com\/es\/wp-json\/wp\/v2\/categories?post=16623"},{"taxonomy":"post_tag","embeddable":true,"href":"https:\/\/www.hinegroup.com\/es\/wp-json\/wp\/v2\/tags?post=16623"}],"curies":[{"name":"wp","href":"https:\/\/api.w.org\/{rel}","templated":true}]}}