{"id":16622,"date":"2026-01-23T09:29:56","date_gmt":"2026-01-23T09:29:56","guid":{"rendered":"https:\/\/www.hinegroup.com\/hine-confirms-its-2026-trade-fair-agenda-for-the-industrial-and-wind-sectors\/"},"modified":"2026-01-26T16:01:53","modified_gmt":"2026-01-26T16:01:53","slug":"hine-confirms-its-2026-trade-fair-agenda-for-the-industrial-and-wind-sectors","status":"publish","type":"post","link":"https:\/\/www.hinegroup.com\/pt\/hine-confirms-its-2026-trade-fair-agenda-for-the-industrial-and-wind-sectors\/","title":{"rendered":"A HINE confirma a sua agenda de feiras de 2026 para os setores Industrial e Wind"},"content":{"rendered":"<p><\/br>Em 2026, a HINE participar\u00e1 de uma sele\u00e7\u00e3o cuidadosamente planejada de feiras estrat\u00e9gicas para os mercados Industrial e E\u00f3lico, refor\u00e7ando o relacionamento direto com clientes, parceiros e atores-chave do setor. A seguir, apresentamos o calend\u00e1rio de feiras de 2026 para ambas as divis\u00f5es, destacando os eventos em que estaremos presentes com o objetivo de permanecer pr\u00f3ximos de nossos clientes e fortalecer nossa posi\u00e7\u00e3o nos principais mercados internacionais.<\/p>\n<p><strong>Calend\u00e1rio 2026 | Industrial<\/strong><\/p>\n<ol>\n<li>FIMA \u2014 10\u201314 de fevereiro de 2026 | Sarago\u00e7a<\/li>\n<li>SMOPYC \u2014 15\u201318 de abril de 2026 | Sarago\u00e7a<\/li>\n<li>FEIMEC \u2014 5\u20139 de maio de 2026 | S\u00e3o Paulo Expo Exhibition &#038; Convention Center (Brasil)<\/li>\n<li>NAVALIA \u2014 19\u201321 de maio de 2026 | Vigo<\/li>\n<li>EXPOSIBRAM \u2014 24\u201327 de agosto de 2026 | EXPOMINAS BH, Belo Horizonte (Brasil)<<\/li>\n<p>\/ol><\/p>\n<ol>\n<strong>Calend\u00e1rio 2026 | Wind<\/strong><\/p>\n<ol>\n<li>O&#038;M and Safety Conference \u2014 4\u20136 de mar\u00e7o de 2026 | Orlando, FL (Gaylord Palms Resort &#038; Convention Center)<\/li>\n<li>WindEurope Annual Event \u2014 21\u201323 de abril de 2026 | Madrid (IFEMA)<\/li>\n<li>CLEANPOWER 2026 \u2014 1\u20134 de junho de 2026 | Houston, TX (George R. Brown Convention Center)<\/li>\n<li>WindEnergy Hamburg \u2014 22\u201325 de setembro de 2026 | Hamburgo<\/li>\n<li>China Wind Power \u2014 14\u201316 de outubro de 2026 | Pequim (China International Exhibition Center \u2013 Shunyi Hall)<\/li>\n<li>Brazil Wind Power \u2014 27\u201329 de outubro de 2026 | S\u00e3o Paulo (Brasil)<\/li>\n<li>Windergy India \u2014 7\u20139 de outubro de 2026 | Chennai (Chennai Trade Centre)<\/li>\n<\/ol>\n<p>Quer reunir-se com a equipa da HINE na feira?<br \/>\nSe vai participar em algum destes eventos, convidamo-lo(a) a agendar uma reuni\u00e3o com a nossa equipa comercial ou t\u00e9cnica para analisar projetos, desafios de opera\u00e7\u00e3o e oportunidades de melhoria: <a href=\"mailto:es-hre@hinegroup.com\"><font color=\"#000000\">es-hre@hinegroup.com<\/font><\/a><\/p>\n","protected":false},"excerpt":{"rendered":"<p>Em 2026, a HINE participar\u00e1 de uma sele\u00e7\u00e3o cuidadosamente planejada de feiras estrat\u00e9gicas para os mercados Industrial e E\u00f3lico, refor\u00e7ando [&hellip;]<\/p>\n","protected":false},"author":2,"featured_media":16635,"comment_status":"open","ping_status":"open","sticky":false,"template":"","format":"standard","meta":{"footnotes":""},"categories":[188],"tags":[],"class_list":["post-16622","post","type-post","status-publish","format-standard","has-post-thumbnail","hentry","category-sin-categoria-pt"],"yoast_head":"<!-- This site is optimized with the Yoast SEO plugin v24.8.1 - https:\/\/yoast.com\/wordpress\/plugins\/seo\/ -->\n<title>A HINE confirma a sua agenda de feiras de 2026 para os setores Industrial e Wind - Hine<\/title>\n<meta name=\"robots\" content=\"index, follow, max-snippet:-1, max-image-preview:large, max-video-preview:-1\" \/>\n<link rel=\"canonical\" href=\"https:\/\/www.hinegroup.com\/pt\/hine-confirms-its-2026-trade-fair-agenda-for-the-industrial-and-wind-sectors\/\" \/>\n<meta property=\"og:locale\" content=\"pt_PT\" \/>\n<meta property=\"og:type\" content=\"article\" \/>\n<meta property=\"og:title\" content=\"A HINE confirma a sua agenda de feiras de 2026 para os setores Industrial e Wind - Hine\" \/>\n<meta property=\"og:description\" content=\"Em 2026, a HINE participar\u00e1 de uma sele\u00e7\u00e3o cuidadosamente planejada de feiras estrat\u00e9gicas para os mercados Industrial e E\u00f3lico, refor\u00e7ando [&hellip;]\" \/>\n<meta property=\"og:url\" content=\"https:\/\/www.hinegroup.com\/pt\/hine-confirms-its-2026-trade-fair-agenda-for-the-industrial-and-wind-sectors\/\" \/>\n<meta property=\"og:site_name\" content=\"Hine\" \/>\n<meta property=\"article:published_time\" content=\"2026-01-23T09:29:56+00:00\" \/>\n<meta property=\"article:modified_time\" content=\"2026-01-26T16:01:53+00:00\" \/>\n<meta property=\"og:image\" content=\"https:\/\/www.hinegroup.com\/wp-content\/uploads\/2026\/01\/noticia-ferias-26_2-2-1024x768.png\" \/>\n\t<meta property=\"og:image:width\" content=\"1024\" \/>\n\t<meta property=\"og:image:height\" content=\"768\" \/>\n\t<meta property=\"og:image:type\" content=\"image\/png\" \/>\n<meta name=\"author\" content=\"Maialen\" \/>\n<meta name=\"twitter:card\" content=\"summary_large_image\" \/>\n<meta name=\"twitter:label1\" content=\"Escrito por\" \/>\n\t<meta name=\"twitter:data1\" content=\"Maialen\" \/>\n\t<meta name=\"twitter:label2\" content=\"Tempo estimado de leitura\" \/>\n\t<meta name=\"twitter:data2\" content=\"2 minutos\" \/>\n<script type=\"application\/ld+json\" class=\"yoast-schema-graph\">{\"@context\":\"https:\/\/schema.org\",\"@graph\":[{\"@type\":\"WebPage\",\"@id\":\"https:\/\/www.hinegroup.com\/pt\/hine-confirms-its-2026-trade-fair-agenda-for-the-industrial-and-wind-sectors\/\",\"url\":\"https:\/\/www.hinegroup.com\/pt\/hine-confirms-its-2026-trade-fair-agenda-for-the-industrial-and-wind-sectors\/\",\"name\":\"A HINE confirma a sua agenda de feiras de 2026 para os setores Industrial e Wind - Hine\",\"isPartOf\":{\"@id\":\"https:\/\/www.hinegroup.com\/#website\"},\"primaryImageOfPage\":{\"@id\":\"https:\/\/www.hinegroup.com\/pt\/hine-confirms-its-2026-trade-fair-agenda-for-the-industrial-and-wind-sectors\/#primaryimage\"},\"image\":{\"@id\":\"https:\/\/www.hinegroup.com\/pt\/hine-confirms-its-2026-trade-fair-agenda-for-the-industrial-and-wind-sectors\/#primaryimage\"},\"thumbnailUrl\":\"https:\/\/www.hinegroup.com\/wp-content\/uploads\/2026\/01\/noticia-ferias-26_2-2.png\",\"datePublished\":\"2026-01-23T09:29:56+00:00\",\"dateModified\":\"2026-01-26T16:01:53+00:00\",\"author\":{\"@id\":\"https:\/\/www.hinegroup.com\/#\/schema\/person\/940b05f451f688f2afb230a63278080a\"},\"breadcrumb\":{\"@id\":\"https:\/\/www.hinegroup.com\/pt\/hine-confirms-its-2026-trade-fair-agenda-for-the-industrial-and-wind-sectors\/#breadcrumb\"},\"inLanguage\":\"pt-PT\",\"potentialAction\":[{\"@type\":\"ReadAction\",\"target\":[\"https:\/\/www.hinegroup.com\/pt\/hine-confirms-its-2026-trade-fair-agenda-for-the-industrial-and-wind-sectors\/\"]}]},{\"@type\":\"ImageObject\",\"inLanguage\":\"pt-PT\",\"@id\":\"https:\/\/www.hinegroup.com\/pt\/hine-confirms-its-2026-trade-fair-agenda-for-the-industrial-and-wind-sectors\/#primaryimage\",\"url\":\"https:\/\/www.hinegroup.com\/wp-content\/uploads\/2026\/01\/noticia-ferias-26_2-2.png\",\"contentUrl\":\"https:\/\/www.hinegroup.com\/wp-content\/uploads\/2026\/01\/noticia-ferias-26_2-2.png\",\"width\":2048,\"height\":1536},{\"@type\":\"BreadcrumbList\",\"@id\":\"https:\/\/www.hinegroup.com\/pt\/hine-confirms-its-2026-trade-fair-agenda-for-the-industrial-and-wind-sectors\/#breadcrumb\",\"itemListElement\":[{\"@type\":\"ListItem\",\"position\":1,\"name\":\"Portada\",\"item\":\"https:\/\/www.hinegroup.com\/pt\/\"},{\"@type\":\"ListItem\",\"position\":2,\"name\":\"A HINE confirma a sua agenda de feiras de 2026 para os setores Industrial e Wind\"}]},{\"@type\":\"WebSite\",\"@id\":\"https:\/\/www.hinegroup.com\/#website\",\"url\":\"https:\/\/www.hinegroup.com\/\",\"name\":\"Hine\",\"description\":\"Hine Group \u2013 Hydraulics for Renewables and Industrial Applications\",\"potentialAction\":[{\"@type\":\"SearchAction\",\"target\":{\"@type\":\"EntryPoint\",\"urlTemplate\":\"https:\/\/www.hinegroup.com\/?s={search_term_string}\"},\"query-input\":{\"@type\":\"PropertyValueSpecification\",\"valueRequired\":true,\"valueName\":\"search_term_string\"}}],\"inLanguage\":\"pt-PT\"},{\"@type\":\"Person\",\"@id\":\"https:\/\/www.hinegroup.com\/#\/schema\/person\/940b05f451f688f2afb230a63278080a\",\"name\":\"Maialen\",\"image\":{\"@type\":\"ImageObject\",\"inLanguage\":\"pt-PT\",\"@id\":\"https:\/\/www.hinegroup.com\/#\/schema\/person\/image\/\",\"url\":\"https:\/\/secure.gravatar.com\/avatar\/e3f6e56ec4ea5ada994d41f6cc108d2c?s=96&d=mm&r=g\",\"contentUrl\":\"https:\/\/secure.gravatar.com\/avatar\/e3f6e56ec4ea5ada994d41f6cc108d2c?s=96&d=mm&r=g\",\"caption\":\"Maialen\"},\"url\":\"https:\/\/www.hinegroup.com\/pt\/author\/maialen\/\"}]}<\/script>\n<!-- \/ Yoast SEO plugin. -->","yoast_head_json":{"title":"A HINE confirma a sua agenda de feiras de 2026 para os setores Industrial e Wind - Hine","robots":{"index":"index","follow":"follow","max-snippet":"max-snippet:-1","max-image-preview":"max-image-preview:large","max-video-preview":"max-video-preview:-1"},"canonical":"https:\/\/www.hinegroup.com\/pt\/hine-confirms-its-2026-trade-fair-agenda-for-the-industrial-and-wind-sectors\/","og_locale":"pt_PT","og_type":"article","og_title":"A HINE confirma a sua agenda de feiras de 2026 para os setores Industrial e Wind - Hine","og_description":"Em 2026, a HINE participar\u00e1 de uma sele\u00e7\u00e3o cuidadosamente planejada de feiras estrat\u00e9gicas para os mercados Industrial e E\u00f3lico, refor\u00e7ando [&hellip;]","og_url":"https:\/\/www.hinegroup.com\/pt\/hine-confirms-its-2026-trade-fair-agenda-for-the-industrial-and-wind-sectors\/","og_site_name":"Hine","article_published_time":"2026-01-23T09:29:56+00:00","article_modified_time":"2026-01-26T16:01:53+00:00","og_image":[{"width":1024,"height":768,"url":"https:\/\/www.hinegroup.com\/wp-content\/uploads\/2026\/01\/noticia-ferias-26_2-2-1024x768.png","type":"image\/png"}],"author":"Maialen","twitter_card":"summary_large_image","twitter_misc":{"Escrito por":"Maialen","Tempo estimado de leitura":"2 minutos"},"schema":{"@context":"https:\/\/schema.org","@graph":[{"@type":"WebPage","@id":"https:\/\/www.hinegroup.com\/pt\/hine-confirms-its-2026-trade-fair-agenda-for-the-industrial-and-wind-sectors\/","url":"https:\/\/www.hinegroup.com\/pt\/hine-confirms-its-2026-trade-fair-agenda-for-the-industrial-and-wind-sectors\/","name":"A HINE confirma a sua agenda de feiras de 2026 para os setores Industrial e Wind - Hine","isPartOf":{"@id":"https:\/\/www.hinegroup.com\/#website"},"primaryImageOfPage":{"@id":"https:\/\/www.hinegroup.com\/pt\/hine-confirms-its-2026-trade-fair-agenda-for-the-industrial-and-wind-sectors\/#primaryimage"},"image":{"@id":"https:\/\/www.hinegroup.com\/pt\/hine-confirms-its-2026-trade-fair-agenda-for-the-industrial-and-wind-sectors\/#primaryimage"},"thumbnailUrl":"https:\/\/www.hinegroup.com\/wp-content\/uploads\/2026\/01\/noticia-ferias-26_2-2.png","datePublished":"2026-01-23T09:29:56+00:00","dateModified":"2026-01-26T16:01:53+00:00","author":{"@id":"https:\/\/www.hinegroup.com\/#\/schema\/person\/940b05f451f688f2afb230a63278080a"},"breadcrumb":{"@id":"https:\/\/www.hinegroup.com\/pt\/hine-confirms-its-2026-trade-fair-agenda-for-the-industrial-and-wind-sectors\/#breadcrumb"},"inLanguage":"pt-PT","potentialAction":[{"@type":"ReadAction","target":["https:\/\/www.hinegroup.com\/pt\/hine-confirms-its-2026-trade-fair-agenda-for-the-industrial-and-wind-sectors\/"]}]},{"@type":"ImageObject","inLanguage":"pt-PT","@id":"https:\/\/www.hinegroup.com\/pt\/hine-confirms-its-2026-trade-fair-agenda-for-the-industrial-and-wind-sectors\/#primaryimage","url":"https:\/\/www.hinegroup.com\/wp-content\/uploads\/2026\/01\/noticia-ferias-26_2-2.png","contentUrl":"https:\/\/www.hinegroup.com\/wp-content\/uploads\/2026\/01\/noticia-ferias-26_2-2.png","width":2048,"height":1536},{"@type":"BreadcrumbList","@id":"https:\/\/www.hinegroup.com\/pt\/hine-confirms-its-2026-trade-fair-agenda-for-the-industrial-and-wind-sectors\/#breadcrumb","itemListElement":[{"@type":"ListItem","position":1,"name":"Portada","item":"https:\/\/www.hinegroup.com\/pt\/"},{"@type":"ListItem","position":2,"name":"A HINE confirma a sua agenda de feiras de 2026 para os setores Industrial e Wind"}]},{"@type":"WebSite","@id":"https:\/\/www.hinegroup.com\/#website","url":"https:\/\/www.hinegroup.com\/","name":"Hine","description":"Hine Group \u2013 Hydraulics for Renewables and Industrial Applications","potentialAction":[{"@type":"SearchAction","target":{"@type":"EntryPoint","urlTemplate":"https:\/\/www.hinegroup.com\/?s={search_term_string}"},"query-input":{"@type":"PropertyValueSpecification","valueRequired":true,"valueName":"search_term_string"}}],"inLanguage":"pt-PT"},{"@type":"Person","@id":"https:\/\/www.hinegroup.com\/#\/schema\/person\/940b05f451f688f2afb230a63278080a","name":"Maialen","image":{"@type":"ImageObject","inLanguage":"pt-PT","@id":"https:\/\/www.hinegroup.com\/#\/schema\/person\/image\/","url":"https:\/\/secure.gravatar.com\/avatar\/e3f6e56ec4ea5ada994d41f6cc108d2c?s=96&d=mm&r=g","contentUrl":"https:\/\/secure.gravatar.com\/avatar\/e3f6e56ec4ea5ada994d41f6cc108d2c?s=96&d=mm&r=g","caption":"Maialen"},"url":"https:\/\/www.hinegroup.com\/pt\/author\/maialen\/"}]}},"_links":{"self":[{"href":"https:\/\/www.hinegroup.com\/pt\/wp-json\/wp\/v2\/posts\/16622","targetHints":{"allow":["GET"]}}],"collection":[{"href":"https:\/\/www.hinegroup.com\/pt\/wp-json\/wp\/v2\/posts"}],"about":[{"href":"https:\/\/www.hinegroup.com\/pt\/wp-json\/wp\/v2\/types\/post"}],"author":[{"embeddable":true,"href":"https:\/\/www.hinegroup.com\/pt\/wp-json\/wp\/v2\/users\/2"}],"replies":[{"embeddable":true,"href":"https:\/\/www.hinegroup.com\/pt\/wp-json\/wp\/v2\/comments?post=16622"}],"version-history":[{"count":4,"href":"https:\/\/www.hinegroup.com\/pt\/wp-json\/wp\/v2\/posts\/16622\/revisions"}],"predecessor-version":[{"id":16626,"href":"https:\/\/www.hinegroup.com\/pt\/wp-json\/wp\/v2\/posts\/16622\/revisions\/16626"}],"wp:featuredmedia":[{"embeddable":true,"href":"https:\/\/www.hinegroup.com\/pt\/wp-json\/wp\/v2\/media\/16635"}],"wp:attachment":[{"href":"https:\/\/www.hinegroup.com\/pt\/wp-json\/wp\/v2\/media?parent=16622"}],"wp:term":[{"taxonomy":"category","embeddable":true,"href":"https:\/\/www.hinegroup.com\/pt\/wp-json\/wp\/v2\/categories?post=16622"},{"taxonomy":"post_tag","embeddable":true,"href":"https:\/\/www.hinegroup.com\/pt\/wp-json\/wp\/v2\/tags?post=16622"}],"curies":[{"name":"wp","href":"https:\/\/api.w.org\/{rel}","templated":true}]}}